{"id":9704,"date":"2018-12-04T08:46:03","date_gmt":"2018-12-04T08:46:03","guid":{"rendered":"https:\/\/www.osd.at\/2018\/12\/04\/bildungsmesse-in-verona\/"},"modified":"2019-09-30T08:42:13","modified_gmt":"2019-09-30T08:42:13","slug":"education-fair-in-verona","status":"publish","type":"post","link":"https:\/\/www.osd.at\/en\/blog\/2018\/12\/04\/education-fair-in-verona\/","title":{"rendered":"Education fair in Verona"},"content":{"rendered":"<p>We used the opportunity of being present at the largest education fair in Italy, the Job &amp; Orienta held between the 29th of November to the 1st of December, to present a wide range of \u00d6SD exams to 75,000 visitors. The booth, which was shared with the Austrian Foreign Trade Center, was well attended. Visitors were mainly interested in the recognition of \u00d6SD exams for studies and career and we enjoyed many inspiring talks. A special thanks to the Foreign Trade Center for their support and their great organisation on-site.<\/p>\n","protected":false},"excerpt":{"rendered":"<p>We used the opportunity of being present at the largest education fair in Italy, the&#8230;<\/p>\n","protected":false},"author":9,"featured_media":9705,"comment_status":"open","ping_status":"closed","sticky":false,"template":"","format":"standard","meta":{"_acf_changed":false,"_relevanssi_hide_post":"","_relevanssi_hide_content":"","_relevanssi_pin_for_all":"","_relevanssi_pin_keywords":"","_relevanssi_unpin_keywords":"","_relevanssi_related_keywords":"","_relevanssi_related_include_ids":"","_relevanssi_related_exclude_ids":"","_relevanssi_related_no_append":"","_relevanssi_related_not_related":"","_relevanssi_related_posts":"","_relevanssi_noindex_reason":"","footnotes":""},"categories":[50],"tags":[],"acf":[],"yoast_head":"<!-- This site is optimized with the Yoast SEO plugin v22.9 - https:\/\/yoast.com\/wordpress\/plugins\/seo\/ -->\n<title>Education fair in Verona<\/title>\n<meta name=\"description\" content=\"\u00d6SD-Pr\u00fcfungen werden weltweit an \u00fcber 400 lizenzierten Pr\u00fcfungszentren als offizieller Deutschnachweis angeboten. Jetzt kostenlos Informationen anfordern!\" \/>\n<meta name=\"robots\" content=\"index, follow, max-snippet:-1, max-image-preview:large, max-video-preview:-1\" \/>\n<link rel=\"canonical\" href=\"https:\/\/www.osd.at\/en\/blog\/2018\/12\/04\/education-fair-in-verona\/\" \/>\n<meta property=\"og:locale\" content=\"en_US\" \/>\n<meta property=\"og:type\" content=\"article\" \/>\n<meta property=\"og:title\" content=\"Education fair in Verona\" \/>\n<meta property=\"og:description\" content=\"\u00d6SD-Pr\u00fcfungen werden weltweit an \u00fcber 400 lizenzierten Pr\u00fcfungszentren als offizieller Deutschnachweis angeboten. Jetzt kostenlos Informationen anfordern!\" \/>\n<meta property=\"og:url\" content=\"https:\/\/www.osd.at\/en\/blog\/2018\/12\/04\/education-fair-in-verona\/\" \/>\n<meta property=\"og:site_name\" content=\"OSD\" \/>\n<meta property=\"article:publisher\" content=\"https:\/\/www.facebook.com\/osdzertifikate\/\" \/>\n<meta property=\"article:published_time\" content=\"2018-12-04T08:46:03+00:00\" \/>\n<meta property=\"article:modified_time\" content=\"2019-09-30T08:42:13+00:00\" \/>\n<meta property=\"og:image\" content=\"https:\/\/www.osd.at\/wp-content\/uploads\/2018\/12\/shutterstock_552627364_Verona_Romeo_und_Julia_Wand_web.jpg\" \/>\n\t<meta property=\"og:image:width\" content=\"950\" \/>\n\t<meta property=\"og:image:height\" content=\"633\" \/>\n\t<meta property=\"og:image:type\" content=\"image\/jpeg\" \/>\n<meta name=\"author\" content=\"Dominik Maier\" \/>\n<meta name=\"twitter:card\" content=\"summary_large_image\" \/>\n<meta name=\"twitter:label1\" content=\"Written by\" \/>\n\t<meta name=\"twitter:data1\" content=\"Dominik Maier\" \/>\n<script type=\"application\/ld+json\" class=\"yoast-schema-graph\">{\"@context\":\"https:\/\/schema.org\",\"@graph\":[{\"@type\":\"Article\",\"@id\":\"https:\/\/www.osd.at\/en\/blog\/2018\/12\/04\/education-fair-in-verona\/#article\",\"isPartOf\":{\"@id\":\"https:\/\/www.osd.at\/en\/blog\/2018\/12\/04\/education-fair-in-verona\/\"},\"author\":{\"name\":\"Dominik Maier\",\"@id\":\"https:\/\/www.osd.at\/en\/#\/schema\/person\/f0800d1b81ec48e4c1446e22a32bc9de\"},\"headline\":\"Education fair in Verona\",\"datePublished\":\"2018-12-04T08:46:03+00:00\",\"dateModified\":\"2019-09-30T08:42:13+00:00\",\"mainEntityOfPage\":{\"@id\":\"https:\/\/www.osd.at\/en\/blog\/2018\/12\/04\/education-fair-in-verona\/\"},\"wordCount\":93,\"commentCount\":0,\"publisher\":{\"@id\":\"https:\/\/www.osd.at\/en\/#organization\"},\"image\":{\"@id\":\"https:\/\/www.osd.at\/en\/blog\/2018\/12\/04\/education-fair-in-verona\/#primaryimage\"},\"thumbnailUrl\":\"https:\/\/www.osd.at\/wp-content\/uploads\/2018\/12\/shutterstock_552627364_Verona_Romeo_und_Julia_Wand_web.jpg\",\"articleSection\":[\"News &amp; Updates\"],\"inLanguage\":\"en-US\",\"potentialAction\":[{\"@type\":\"CommentAction\",\"name\":\"Comment\",\"target\":[\"https:\/\/www.osd.at\/en\/blog\/2018\/12\/04\/education-fair-in-verona\/#respond\"]}]},{\"@type\":\"WebPage\",\"@id\":\"https:\/\/www.osd.at\/en\/blog\/2018\/12\/04\/education-fair-in-verona\/\",\"url\":\"https:\/\/www.osd.at\/en\/blog\/2018\/12\/04\/education-fair-in-verona\/\",\"name\":\"Education fair in Verona\",\"isPartOf\":{\"@id\":\"https:\/\/www.osd.at\/en\/#website\"},\"primaryImageOfPage\":{\"@id\":\"https:\/\/www.osd.at\/en\/blog\/2018\/12\/04\/education-fair-in-verona\/#primaryimage\"},\"image\":{\"@id\":\"https:\/\/www.osd.at\/en\/blog\/2018\/12\/04\/education-fair-in-verona\/#primaryimage\"},\"thumbnailUrl\":\"https:\/\/www.osd.at\/wp-content\/uploads\/2018\/12\/shutterstock_552627364_Verona_Romeo_und_Julia_Wand_web.jpg\",\"datePublished\":\"2018-12-04T08:46:03+00:00\",\"dateModified\":\"2019-09-30T08:42:13+00:00\",\"description\":\"\u00d6SD-Pr\u00fcfungen werden weltweit an \u00fcber 400 lizenzierten Pr\u00fcfungszentren als offizieller Deutschnachweis angeboten. Jetzt kostenlos Informationen anfordern!\",\"breadcrumb\":{\"@id\":\"https:\/\/www.osd.at\/en\/blog\/2018\/12\/04\/education-fair-in-verona\/#breadcrumb\"},\"inLanguage\":\"en-US\",\"potentialAction\":[{\"@type\":\"ReadAction\",\"target\":[\"https:\/\/www.osd.at\/en\/blog\/2018\/12\/04\/education-fair-in-verona\/\"]}]},{\"@type\":\"ImageObject\",\"inLanguage\":\"en-US\",\"@id\":\"https:\/\/www.osd.at\/en\/blog\/2018\/12\/04\/education-fair-in-verona\/#primaryimage\",\"url\":\"https:\/\/www.osd.at\/wp-content\/uploads\/2018\/12\/shutterstock_552627364_Verona_Romeo_und_Julia_Wand_web.jpg\",\"contentUrl\":\"https:\/\/www.osd.at\/wp-content\/uploads\/2018\/12\/shutterstock_552627364_Verona_Romeo_und_Julia_Wand_web.jpg\",\"width\":950,\"height\":633,\"caption\":\"\u00a9 Smiltena\/Shutterstock\"},{\"@type\":\"BreadcrumbList\",\"@id\":\"https:\/\/www.osd.at\/en\/blog\/2018\/12\/04\/education-fair-in-verona\/#breadcrumb\",\"itemListElement\":[{\"@type\":\"ListItem\",\"position\":1,\"name\":\"Home\",\"item\":\"https:\/\/www.osd.at\/en\/\"},{\"@type\":\"ListItem\",\"position\":2,\"name\":\"Education fair in Verona\"}]},{\"@type\":\"WebSite\",\"@id\":\"https:\/\/www.osd.at\/en\/#website\",\"url\":\"https:\/\/www.osd.at\/en\/\",\"name\":\"OSD\",\"description\":\"\u00d6sterreichisches Sprachdiplom Deutsch\",\"publisher\":{\"@id\":\"https:\/\/www.osd.at\/en\/#organization\"},\"alternateName\":\"\u00d6SD \u2013 \u00d6sterreichisches Sprachdiplom Deutsch\",\"potentialAction\":[{\"@type\":\"SearchAction\",\"target\":{\"@type\":\"EntryPoint\",\"urlTemplate\":\"https:\/\/www.osd.at\/en\/?s={search_term_string}\"},\"query-input\":\"required name=search_term_string\"}],\"inLanguage\":\"en-US\"},{\"@type\":\"Organization\",\"@id\":\"https:\/\/www.osd.at\/en\/#organization\",\"name\":\"OSD\",\"alternateName\":\"\u00d6SD \u2013 \u00d6sterreichisches Sprachdiplom Deutsch\",\"url\":\"https:\/\/www.osd.at\/en\/\",\"logo\":{\"@type\":\"ImageObject\",\"inLanguage\":\"en-US\",\"@id\":\"https:\/\/www.osd.at\/en\/#\/schema\/logo\/image\/\",\"url\":\"https:\/\/www.osd.at\/wp-content\/uploads\/2020\/04\/Logo-O\u0308SD_final-874x490-1.png\",\"contentUrl\":\"https:\/\/www.osd.at\/wp-content\/uploads\/2020\/04\/Logo-O\u0308SD_final-874x490-1.png\",\"width\":874,\"height\":490,\"caption\":\"OSD\"},\"image\":{\"@id\":\"https:\/\/www.osd.at\/en\/#\/schema\/logo\/image\/\"},\"sameAs\":[\"https:\/\/www.facebook.com\/osdzertifikate\/\",\"https:\/\/www.linkedin.com\/company\/osdzertifikate\/?viewAsMember=true\",\"https:\/\/www.instagram.com\/osdzertifikate\/\"]},{\"@type\":\"Person\",\"@id\":\"https:\/\/www.osd.at\/en\/#\/schema\/person\/f0800d1b81ec48e4c1446e22a32bc9de\",\"name\":\"Dominik Maier\",\"image\":{\"@type\":\"ImageObject\",\"inLanguage\":\"en-US\",\"@id\":\"https:\/\/www.osd.at\/en\/#\/schema\/person\/image\/\",\"url\":\"https:\/\/secure.gravatar.com\/avatar\/64304ee6bcae4b1db73ba67843eeee1a?s=96&d=mm&r=g\",\"contentUrl\":\"https:\/\/secure.gravatar.com\/avatar\/64304ee6bcae4b1db73ba67843eeee1a?s=96&d=mm&r=g\",\"caption\":\"Dominik Maier\"},\"sameAs\":[\"https:\/\/www.osd.at\"],\"url\":\"https:\/\/www.osd.at\/en\/blog\/author\/dominikm\/\"}]}<\/script>\n<!-- \/ Yoast SEO plugin. -->","yoast_head_json":{"title":"Education fair in Verona","description":"\u00d6SD-Pr\u00fcfungen werden weltweit an \u00fcber 400 lizenzierten Pr\u00fcfungszentren als offizieller Deutschnachweis angeboten. Jetzt kostenlos Informationen anfordern!","robots":{"index":"index","follow":"follow","max-snippet":"max-snippet:-1","max-image-preview":"max-image-preview:large","max-video-preview":"max-video-preview:-1"},"canonical":"https:\/\/www.osd.at\/en\/blog\/2018\/12\/04\/education-fair-in-verona\/","og_locale":"en_US","og_type":"article","og_title":"Education fair in Verona","og_description":"\u00d6SD-Pr\u00fcfungen werden weltweit an \u00fcber 400 lizenzierten Pr\u00fcfungszentren als offizieller Deutschnachweis angeboten. Jetzt kostenlos Informationen anfordern!","og_url":"https:\/\/www.osd.at\/en\/blog\/2018\/12\/04\/education-fair-in-verona\/","og_site_name":"OSD","article_publisher":"https:\/\/www.facebook.com\/osdzertifikate\/","article_published_time":"2018-12-04T08:46:03+00:00","article_modified_time":"2019-09-30T08:42:13+00:00","og_image":[{"width":950,"height":633,"url":"https:\/\/www.osd.at\/wp-content\/uploads\/2018\/12\/shutterstock_552627364_Verona_Romeo_und_Julia_Wand_web.jpg","type":"image\/jpeg"}],"author":"Dominik Maier","twitter_card":"summary_large_image","twitter_misc":{"Written by":"Dominik Maier"},"schema":{"@context":"https:\/\/schema.org","@graph":[{"@type":"Article","@id":"https:\/\/www.osd.at\/en\/blog\/2018\/12\/04\/education-fair-in-verona\/#article","isPartOf":{"@id":"https:\/\/www.osd.at\/en\/blog\/2018\/12\/04\/education-fair-in-verona\/"},"author":{"name":"Dominik Maier","@id":"https:\/\/www.osd.at\/en\/#\/schema\/person\/f0800d1b81ec48e4c1446e22a32bc9de"},"headline":"Education fair in Verona","datePublished":"2018-12-04T08:46:03+00:00","dateModified":"2019-09-30T08:42:13+00:00","mainEntityOfPage":{"@id":"https:\/\/www.osd.at\/en\/blog\/2018\/12\/04\/education-fair-in-verona\/"},"wordCount":93,"commentCount":0,"publisher":{"@id":"https:\/\/www.osd.at\/en\/#organization"},"image":{"@id":"https:\/\/www.osd.at\/en\/blog\/2018\/12\/04\/education-fair-in-verona\/#primaryimage"},"thumbnailUrl":"https:\/\/www.osd.at\/wp-content\/uploads\/2018\/12\/shutterstock_552627364_Verona_Romeo_und_Julia_Wand_web.jpg","articleSection":["News &amp; Updates"],"inLanguage":"en-US","potentialAction":[{"@type":"CommentAction","name":"Comment","target":["https:\/\/www.osd.at\/en\/blog\/2018\/12\/04\/education-fair-in-verona\/#respond"]}]},{"@type":"WebPage","@id":"https:\/\/www.osd.at\/en\/blog\/2018\/12\/04\/education-fair-in-verona\/","url":"https:\/\/www.osd.at\/en\/blog\/2018\/12\/04\/education-fair-in-verona\/","name":"Education fair in Verona","isPartOf":{"@id":"https:\/\/www.osd.at\/en\/#website"},"primaryImageOfPage":{"@id":"https:\/\/www.osd.at\/en\/blog\/2018\/12\/04\/education-fair-in-verona\/#primaryimage"},"image":{"@id":"https:\/\/www.osd.at\/en\/blog\/2018\/12\/04\/education-fair-in-verona\/#primaryimage"},"thumbnailUrl":"https:\/\/www.osd.at\/wp-content\/uploads\/2018\/12\/shutterstock_552627364_Verona_Romeo_und_Julia_Wand_web.jpg","datePublished":"2018-12-04T08:46:03+00:00","dateModified":"2019-09-30T08:42:13+00:00","description":"\u00d6SD-Pr\u00fcfungen werden weltweit an \u00fcber 400 lizenzierten Pr\u00fcfungszentren als offizieller Deutschnachweis angeboten. Jetzt kostenlos Informationen anfordern!","breadcrumb":{"@id":"https:\/\/www.osd.at\/en\/blog\/2018\/12\/04\/education-fair-in-verona\/#breadcrumb"},"inLanguage":"en-US","potentialAction":[{"@type":"ReadAction","target":["https:\/\/www.osd.at\/en\/blog\/2018\/12\/04\/education-fair-in-verona\/"]}]},{"@type":"ImageObject","inLanguage":"en-US","@id":"https:\/\/www.osd.at\/en\/blog\/2018\/12\/04\/education-fair-in-verona\/#primaryimage","url":"https:\/\/www.osd.at\/wp-content\/uploads\/2018\/12\/shutterstock_552627364_Verona_Romeo_und_Julia_Wand_web.jpg","contentUrl":"https:\/\/www.osd.at\/wp-content\/uploads\/2018\/12\/shutterstock_552627364_Verona_Romeo_und_Julia_Wand_web.jpg","width":950,"height":633,"caption":"\u00a9 Smiltena\/Shutterstock"},{"@type":"BreadcrumbList","@id":"https:\/\/www.osd.at\/en\/blog\/2018\/12\/04\/education-fair-in-verona\/#breadcrumb","itemListElement":[{"@type":"ListItem","position":1,"name":"Home","item":"https:\/\/www.osd.at\/en\/"},{"@type":"ListItem","position":2,"name":"Education fair in Verona"}]},{"@type":"WebSite","@id":"https:\/\/www.osd.at\/en\/#website","url":"https:\/\/www.osd.at\/en\/","name":"OSD","description":"\u00d6sterreichisches Sprachdiplom Deutsch","publisher":{"@id":"https:\/\/www.osd.at\/en\/#organization"},"alternateName":"\u00d6SD \u2013 \u00d6sterreichisches Sprachdiplom Deutsch","potentialAction":[{"@type":"SearchAction","target":{"@type":"EntryPoint","urlTemplate":"https:\/\/www.osd.at\/en\/?s={search_term_string}"},"query-input":"required name=search_term_string"}],"inLanguage":"en-US"},{"@type":"Organization","@id":"https:\/\/www.osd.at\/en\/#organization","name":"OSD","alternateName":"\u00d6SD \u2013 \u00d6sterreichisches Sprachdiplom Deutsch","url":"https:\/\/www.osd.at\/en\/","logo":{"@type":"ImageObject","inLanguage":"en-US","@id":"https:\/\/www.osd.at\/en\/#\/schema\/logo\/image\/","url":"https:\/\/www.osd.at\/wp-content\/uploads\/2020\/04\/Logo-O\u0308SD_final-874x490-1.png","contentUrl":"https:\/\/www.osd.at\/wp-content\/uploads\/2020\/04\/Logo-O\u0308SD_final-874x490-1.png","width":874,"height":490,"caption":"OSD"},"image":{"@id":"https:\/\/www.osd.at\/en\/#\/schema\/logo\/image\/"},"sameAs":["https:\/\/www.facebook.com\/osdzertifikate\/","https:\/\/www.linkedin.com\/company\/osdzertifikate\/?viewAsMember=true","https:\/\/www.instagram.com\/osdzertifikate\/"]},{"@type":"Person","@id":"https:\/\/www.osd.at\/en\/#\/schema\/person\/f0800d1b81ec48e4c1446e22a32bc9de","name":"Dominik Maier","image":{"@type":"ImageObject","inLanguage":"en-US","@id":"https:\/\/www.osd.at\/en\/#\/schema\/person\/image\/","url":"https:\/\/secure.gravatar.com\/avatar\/64304ee6bcae4b1db73ba67843eeee1a?s=96&d=mm&r=g","contentUrl":"https:\/\/secure.gravatar.com\/avatar\/64304ee6bcae4b1db73ba67843eeee1a?s=96&d=mm&r=g","caption":"Dominik Maier"},"sameAs":["https:\/\/www.osd.at"],"url":"https:\/\/www.osd.at\/en\/blog\/author\/dominikm\/"}]}},"_links":{"self":[{"href":"https:\/\/www.osd.at\/en\/wp-json\/wp\/v2\/posts\/9704"}],"collection":[{"href":"https:\/\/www.osd.at\/en\/wp-json\/wp\/v2\/posts"}],"about":[{"href":"https:\/\/www.osd.at\/en\/wp-json\/wp\/v2\/types\/post"}],"author":[{"embeddable":true,"href":"https:\/\/www.osd.at\/en\/wp-json\/wp\/v2\/users\/9"}],"replies":[{"embeddable":true,"href":"https:\/\/www.osd.at\/en\/wp-json\/wp\/v2\/comments?post=9704"}],"version-history":[{"count":2,"href":"https:\/\/www.osd.at\/en\/wp-json\/wp\/v2\/posts\/9704\/revisions"}],"predecessor-version":[{"id":10805,"href":"https:\/\/www.osd.at\/en\/wp-json\/wp\/v2\/posts\/9704\/revisions\/10805"}],"wp:featuredmedia":[{"embeddable":true,"href":"https:\/\/www.osd.at\/en\/wp-json\/wp\/v2\/media\/9705"}],"wp:attachment":[{"href":"https:\/\/www.osd.at\/en\/wp-json\/wp\/v2\/media?parent=9704"}],"wp:term":[{"taxonomy":"category","embeddable":true,"href":"https:\/\/www.osd.at\/en\/wp-json\/wp\/v2\/categories?post=9704"},{"taxonomy":"post_tag","embeddable":true,"href":"https:\/\/www.osd.at\/en\/wp-json\/wp\/v2\/tags?post=9704"}],"curies":[{"name":"wp","href":"https:\/\/api.w.org\/{rel}","templated":true}]}}