{"id":28581,"date":"2025-07-22T07:27:52","date_gmt":"2025-07-22T07:27:52","guid":{"rendered":"https:\/\/www.osd.at\/?p=28581"},"modified":"2025-12-22T10:00:48","modified_gmt":"2025-12-22T10:00:48","slug":"diversity-german-exams-oesd-idt-2025","status":"publish","type":"post","link":"https:\/\/www.osd.at\/en\/blog\/2025\/07\/22\/diversity-german-exams-oesd-idt-2025\/","title":{"rendered":"Diversity in Practice: Personal Stories from the \u00d6SD for IDT 2025"},"content":{"rendered":"<p><strong>The motto of this year\u2019s largest conference for teachers of German worldwide, the IDT 2025 in L\u00fcbeck, is: \u201cDaring Diversity\u201d. As already mentioned in our first blog post, this topic is far more than a guiding principle for the \u00d6sterreichisches Sprachdiplom Deutsch (\u00d6SD). It is part of our daily work.<\/strong><\/p>\n<h2>Diversity in German exams<\/h2>\n<p>The \u00d6SD embraces diversity in a variety of ways, for example through our<br \/>\n\u2022 <strong>pluricentric approach<\/strong> to the German language,<br \/>\n\u2022 comprehensive <strong>range of examinations<\/strong>,<br \/>\n\u2022 open, <strong>international collaboration with over 500 examination centres<\/strong> worldwide,<br \/>\n\u2022 multilingual, <strong>multicultural team<\/strong>.<\/p>\n<p>But what does this diversity mean in concrete terms \u2013 for <strong>people who work, examine or learn<\/strong> with the \u00d6SD?<br \/>\nIn this post, <strong>we give three of them the floor<\/strong>. Their stories stand for many others: participants, examination officials and staff members who show how vibrant, multifaceted \u2013 and human \u2013 diversity at the \u00d6SD really is.<\/p>\n<p>We begin with an <strong>\u00d6SD examination participant<\/strong>. His personal story shows how linguistic diversity opens up new paths \u2013 and what German means to him.<\/p>\n<h2>Ali Behrouzinia, \u00d6SD examination participant. Iran and Paderborn, Germany<\/h2>\n<p>The 26-year-old software developer Ali Behrouzinia comes from Iran. He holds a <strong>bachelor\u2019s degree in Computer Engineering<\/strong> and currently lives in Paderborn. He loves diversity \u2013 not only in relation to languages, but also <strong>in thinking, learning and life<\/strong> in general.<br \/>\nHis <strong>analytical and creative perspective<\/strong> also shapes the way he learns German. \u201cI\u2019m always looking for ways to develop myself \u2013 professionally and personally,\u201d says Ali. And this attitude is reflected in his learning path.<\/p>\n<h3>Multilingualism and the joy of learning<\/h3>\n<p>Having grown up with <strong>Persian-Kurdish<\/strong> as his mother tongue, he now also speaks English fluently at C1 level. He learned <strong>German at B2 level<\/strong>: at first, his motivation was the desire to undertake vocational training in Germany. But soon he discovered the beauty of the language itself: \u201cI\u2019m fascinated by <strong>how precise and structured German is<\/strong>. I really enjoy playing with its linguistic subtleties.\u201d<br \/>\nThis openness to linguistic nuances also helps Ali in dealing with diversity. He uses German-language <strong>YouTube channels, podcasts<\/strong> and other digital media not only to train his listening comprehension, but also to understand cultural differences. Topics such as everyday life, social values and language in Germany are just as important to him as grammar rules. \u201cIt really motivates me when I can <strong>communicate better and better<\/strong> in everyday life,\u201d he says.<\/p>\n<h3>Exam preparation as motivation<\/h3>\n<p>A milestone in his learning process was <a href=\"https:\/\/www.osd.at\/en\/take-tests\/get-your-oesd-certificate\/\" target=\"_blank\" rel=\"noopener\">preparing for the \u00d6SD examination<\/a> \u2013 a challenge that demanded a lot from him: \u201cYou can\u2019t just get by through memorizing. <strong>The exam goes deep.<\/strong>\u201d For him, this was not an obstacle, but an incentive to take a closer look at how language really works.<br \/>\nAli Behrouzinia\u2019s journey shows how diverse and individual language learning can be \u2013 especially when you are ready to engage with <strong>new ways of thinking<\/strong> and different cultures. Curiosity, perseverance and courage are, for him, the keys to development \u2013 values that have meaning in every language.<\/p>\n<p>And what does diversity mean in the <strong>daily life of an \u00d6SD examination centre<\/strong>? A dedicated examination official provides insight into her work \u2013 and her attitude.<\/p>\n<h2>Amra Sinanovi\u0107, head of \u00d6SD examination centre. Te\u0161anj, Bosnia &amp; Herzegovina<\/h2>\n<p>The theme of IDT 2025 and this blog post hits the mark for Amra Sinanovi\u0107, <strong>professor of German and owner of the \u00d6SD examination centre<\/strong> \u201cdeutsch.ba\u201d: <strong>she loves diversity<\/strong> both professionally and privately. Her motto is: the more colourful, the better. It also takes courage to show your own diversity. And a willingness to accept \u2013 and promote \u2013 the diversity of others.<br \/>\n<strong>The broad spectrum of \u00d6SD German exams<\/strong> and the many accompanying resources are of great importance to Amra: \u201cThe knowledge provided to me so far by the \u00d6SD shows an impressive diversity, even though it was \u2018only\u2019 about examinations.\u201d<\/p>\n<h3>Common ground despite differences<\/h3>\n<p>Living in a country \u2013 Bosnia \u2013 that offers so much variety in terms of <strong>language, culture and religion<\/strong>, Amra considers a great fortune. She is amazed at how much differences can also connect: \u201cWhen working with course participants whose cultural background is different, we often come across <strong>customs that have been adapted to each other or even developed together<\/strong>. Or we discover similar ones in the German-speaking world,\u201d she says with delight.<br \/>\nHer aim is to convey to participants of German as a foreign language courses the beauty of diverse expression \u2013 and to encourage them to embrace diversity. Some learners do not initially find it particularly helpful when the same language uses different terms for a certain object in different countries \u2013 as is the case <strong>in pluricentric languages such as German<\/strong>.<\/p>\n<h3>Joy in learning German<\/h3>\n<p>For Amra, it is always <strong>enriching and touching<\/strong> to observe the joy that accompanies language learning. When participants rejoice over even small successes to the extent that the whole group laughs and everyone feels connected. For example, when playing with the <a href=\"https:\/\/testsam.at\/product\/48?shopType=OESD&#038;type=PHYSICAL_MERCHANDISE\" target=\"_blank\" rel=\"noopener\">\u00d6SD memory cards<\/a> \u2013 and discovering that a Brath\u00e4hnchen in Germany is called Brathendl or Brathuhn in Austria and G\u00fcggeli or Poulet in Switzerland \u2026<\/p>\n<p>The perspective <strong>from within the \u00d6SD<\/strong> completes the picture. A staff member speaks about how she perceives diversity in the team, in cooperation \u2013 and in language.<\/p>\n<h2>Karoline Janicek, \u00d6SD examiner and trainer of \u00d6SD examiners, quality assurance. Vienna, Austria<\/h2>\n<p>\u201cDiversity\u201d is, for long-standing \u00d6SD employee Karoline Janicek, a beautiful and at the same time difficult word \u2013 especially in the context of examinations, which are standardised. However, she believes it\u2019s important that the <strong>topics and interpretation options<\/strong> in t<a href=\"https:\/\/www.osd.at\/en\/exams\/oesd-exams\/\" target=\"_blank\" rel=\"noopener\">he communicative \u00d6SD exams<\/a> are so diverse.<br \/>\n\u201cFrom the everyday practice of central assessment and examination monitoring, I can say that it is always astonishing how colourful and varied the answers in the exams can be,\u201d reports Karoline. Background: The \u00d6SD B2 exam includes a question: How do you deal with the topic? This open question prompts a wide variety of responses and statements \u2013 depending on the participants\u2019 country of origin. \u201cThis regularly <strong>opens up new, diverse worlds<\/strong> for the \u00d6SD team!\u201d<\/p>\n<h3>The variants in the \u00d6SD examinations<\/h3>\n<p>At the \u00d6sterreichisches Sprachdiplom Deutsch (\u00d6SD), every variant of the German language is permitted in the exam, provided it is correct and applied consistently. The standard reference is the <strong>Variantenw\u00f6rterbuch des Deutschen<\/strong> by Ulrich Ammon, <a href=\"https:\/\/www.osd.at\/en\/the-oesd\/profile-deutsch\/overview-profile-deutsch\/\" target=\"_blank\" rel=\"noopener\">Profile deutsch<\/a> and similar works. Karoline is delighted when participants from all over the world apply the different standard varieties of German, depending on where they have learned or live. She says: \u201cIn the oral part, it is particularly nice when learners at higher levels show, through <strong>pronunciation and vocabulary<\/strong>, which standard variant of German they master.\u201d<\/p>\n<h3>Travelling internationally for German examinations<\/h3>\n<p>Karoline Janicek frequently travels worldwide to conduct examinations. Her work trips have taken her to <strong>India, Morocco, Vietnam, Mexico<\/strong> and many more. For her, this is pure diversity. In oral exams in African examination centres, such as in Benin, she observed that public squares with a statue are treated both as meeting places and as important sights \u2013 practically the equivalent of the European concept of museums. \u201cIn my work environment, diversity is reflected not only through language \u2013 but also through <strong>places with collective memory<\/strong>, through smells and clothing.\u201d<\/p>\n<h3>Dialogue for authentic language production<\/h3>\n<p>For her work at the \u00d6SD, Karoline hopes to see the same <strong>openness in the choice of topics and tasks<\/strong> in the future \u2013 an openness that already characterises the organisation and its German examinations. And, in the oral exam, she wishes for interlocutors to continue demonstrating the skill of picking up on participants\u2019 statements and <strong>turning them into a dialogue<\/strong>. This enables participants (in line with the principle that they themselves are the focus \u2013 the so-called human approach) to demonstrate their authentic and individual language production and draw on their experiences. \u201cIt also helps to counter the drill of teaching only to the test,\u201d she notes.<\/p>\n<h3>A new language, a new way of thinking<\/h3>\n<p>For Karoline, one thing is clear: learning a language means daring diversity. Those who learn a new language enter <strong>a new world of thinking<\/strong>, which is, ideally, different from the one they knew before. \u201cDiversity also means formulating thoughts that you might never have had without the stimulus of the new language. As in our case, the pluricentric language German.\u201d<\/p>\n<h3>Diversity is relationship<\/h3>\n<p>Three perspectives, three stories \u2013 and one common denominator: <strong>Diversity is nothing abstract. It thrives in interaction.<\/strong><br \/>\nIn the exam, in the classroom, among colleagues. Between people who come together with different languages, experiences and expectations \u2013 and <strong>find connection through German<\/strong>.<br \/>\nWhat IDT 2025 places in the spotlight with <a href=\"https:\/\/www.osd.at\/en\/blog\/2025\/05\/22\/idt-2025-luebeck-oesd\/\" target=\"_blank\" rel=\"noopener\">Daring Diversity <\/a>is everyday reality at the \u00d6SD. And yet we remain curious, open \u2013 and ready to discover diversity anew, time and again.<\/p>\n<p>&nbsp;<\/p>\n<div style=\"background-color: #f1f8ff; border-left: 4px solid #0071ba; border-radius: 16px; padding: 24px; margin: 40px auto; font-family: system-ui, sans-serif; box-shadow: 0 4px 12px rgba(0,0,0,0.05); max-width: 900px; text-align: center;\">\n<h3 style=\"margin-top: 0; color: #0071ba; font-size: 20px; margin-bottom: 16px;\">Event Information<\/h3>\n<p style=\"margin: 0 0 10px 0; font-size: 16px; line-height: 1.5;\"><strong>Internationale Tagung der Deutschlehrer:innen (IDT)<\/strong><br \/>\nInternational Conference of German Teachers<br \/>\nJuly 28 to August 1, 2025, in L\u00fcbeck, Germany<\/p>\n<p style=\"margin-top: 16px; font-size: 15px;\">More information at<br \/>\n<a style=\"color: #0071ba; text-decoration: underline;\" href=\"https:\/\/idt-2025.de\/\" target=\"_blank\" rel=\"noopener\"><br \/>\nwww.idt-2025.de<br \/>\n<\/a><\/p>\n<\/div>\n<p>&nbsp;<\/p>\n","protected":false},"excerpt":{"rendered":"<p>The motto of this year\u2019s largest conference for teachers of German worldwide, the IDT 2025&#8230;<\/p>\n","protected":false},"author":20,"featured_media":28536,"comment_status":"closed","ping_status":"closed","sticky":false,"template":"","format":"standard","meta":{"_acf_changed":false,"_relevanssi_hide_post":"","_relevanssi_hide_content":"","_relevanssi_pin_for_all":"","_relevanssi_pin_keywords":"","_relevanssi_unpin_keywords":"","_relevanssi_related_keywords":"","_relevanssi_related_include_ids":"","_relevanssi_related_exclude_ids":"","_relevanssi_related_no_append":"","_relevanssi_related_not_related":"","_relevanssi_related_posts":"","_relevanssi_noindex_reason":"","footnotes":""},"categories":[50,459],"tags":[376,382,409,415,422,463,464,497,498],"acf":[],"yoast_head":"<!-- This site is optimized with the Yoast SEO plugin v22.9 - https:\/\/yoast.com\/wordpress\/plugins\/seo\/ -->\n<title>Diversity in German exams: Three \u00d6SD stories for IDT 2025<\/title>\n<meta name=\"description\" content=\"Three stories show how diversity is lived in German exams around the world \u2013 at the \u00d6SD and at the IDT 2025 in L\u00fcbeck.\" \/>\n<meta name=\"robots\" content=\"index, follow, max-snippet:-1, max-image-preview:large, max-video-preview:-1\" \/>\n<link rel=\"canonical\" href=\"https:\/\/www.osd.at\/en\/blog\/2025\/07\/22\/diversity-german-exams-oesd-idt-2025\/\" \/>\n<meta property=\"og:locale\" content=\"en_US\" \/>\n<meta property=\"og:type\" content=\"article\" \/>\n<meta property=\"og:title\" content=\"Diversity in German exams: Three \u00d6SD stories for IDT 2025\" \/>\n<meta property=\"og:description\" content=\"Three stories show how diversity is lived in German exams around the world \u2013 at the \u00d6SD and at the IDT 2025 in L\u00fcbeck.\" \/>\n<meta property=\"og:url\" content=\"https:\/\/www.osd.at\/en\/blog\/2025\/07\/22\/diversity-german-exams-oesd-idt-2025\/\" \/>\n<meta property=\"og:site_name\" content=\"OSD\" \/>\n<meta property=\"article:publisher\" content=\"https:\/\/www.facebook.com\/osdzertifikate\/\" \/>\n<meta property=\"article:published_time\" content=\"2025-07-22T07:27:52+00:00\" \/>\n<meta property=\"article:modified_time\" content=\"2025-12-22T10:00:48+00:00\" \/>\n<meta property=\"og:image\" content=\"https:\/\/www.osd.at\/wp-content\/uploads\/2025\/07\/Blogheader_Vielfalt-in-der-Praxis.jpg\" \/>\n\t<meta property=\"og:image:width\" content=\"1165\" \/>\n\t<meta property=\"og:image:height\" content=\"653\" \/>\n\t<meta property=\"og:image:type\" content=\"image\/jpeg\" \/>\n<meta name=\"author\" content=\"Nicole Richter\" \/>\n<meta name=\"twitter:card\" content=\"summary_large_image\" \/>\n<meta name=\"twitter:label1\" content=\"Written by\" \/>\n\t<meta name=\"twitter:data1\" content=\"Nicole Richter\" \/>\n\t<meta name=\"twitter:label2\" content=\"Est. reading time\" \/>\n\t<meta name=\"twitter:data2\" content=\"9 minutes\" \/>\n<script type=\"application\/ld+json\" class=\"yoast-schema-graph\">{\"@context\":\"https:\/\/schema.org\",\"@graph\":[{\"@type\":\"Article\",\"@id\":\"https:\/\/www.osd.at\/en\/blog\/2025\/07\/22\/diversity-german-exams-oesd-idt-2025\/#article\",\"isPartOf\":{\"@id\":\"https:\/\/www.osd.at\/en\/blog\/2025\/07\/22\/diversity-german-exams-oesd-idt-2025\/\"},\"author\":{\"name\":\"Nicole Richter\",\"@id\":\"https:\/\/www.osd.at\/en\/#\/schema\/person\/e577c639ad19bcfe8680ef784c80a3f1\"},\"headline\":\"Diversity in Practice: Personal Stories from the \u00d6SD for IDT 2025\",\"datePublished\":\"2025-07-22T07:27:52+00:00\",\"dateModified\":\"2025-12-22T10:00:48+00:00\",\"mainEntityOfPage\":{\"@id\":\"https:\/\/www.osd.at\/en\/blog\/2025\/07\/22\/diversity-german-exams-oesd-idt-2025\/\"},\"wordCount\":1480,\"publisher\":{\"@id\":\"https:\/\/www.osd.at\/en\/#organization\"},\"image\":{\"@id\":\"https:\/\/www.osd.at\/en\/blog\/2025\/07\/22\/diversity-german-exams-oesd-idt-2025\/#primaryimage\"},\"thumbnailUrl\":\"https:\/\/www.osd.at\/wp-content\/uploads\/2025\/07\/Blogheader_Vielfalt-in-der-Praxis.jpg\",\"keywords\":[\"pluricentric\",\"exam preparation\",\"DaF\",\"German as a foreign language\",\"\u00d6SD exam centre\",\"conference\",\"Event\",\"\u00d6SD examiner\",\"\u00d6SD participant\"],\"articleSection\":[\"News &amp; Updates\",\"Brand Awareness\"],\"inLanguage\":\"en-US\"},{\"@type\":\"WebPage\",\"@id\":\"https:\/\/www.osd.at\/en\/blog\/2025\/07\/22\/diversity-german-exams-oesd-idt-2025\/\",\"url\":\"https:\/\/www.osd.at\/en\/blog\/2025\/07\/22\/diversity-german-exams-oesd-idt-2025\/\",\"name\":\"Diversity in German exams: Three \u00d6SD stories for IDT 2025\",\"isPartOf\":{\"@id\":\"https:\/\/www.osd.at\/en\/#website\"},\"primaryImageOfPage\":{\"@id\":\"https:\/\/www.osd.at\/en\/blog\/2025\/07\/22\/diversity-german-exams-oesd-idt-2025\/#primaryimage\"},\"image\":{\"@id\":\"https:\/\/www.osd.at\/en\/blog\/2025\/07\/22\/diversity-german-exams-oesd-idt-2025\/#primaryimage\"},\"thumbnailUrl\":\"https:\/\/www.osd.at\/wp-content\/uploads\/2025\/07\/Blogheader_Vielfalt-in-der-Praxis.jpg\",\"datePublished\":\"2025-07-22T07:27:52+00:00\",\"dateModified\":\"2025-12-22T10:00:48+00:00\",\"description\":\"Three stories show how diversity is lived in German exams around the world \u2013 at the \u00d6SD and at the IDT 2025 in L\u00fcbeck.\",\"breadcrumb\":{\"@id\":\"https:\/\/www.osd.at\/en\/blog\/2025\/07\/22\/diversity-german-exams-oesd-idt-2025\/#breadcrumb\"},\"inLanguage\":\"en-US\",\"potentialAction\":[{\"@type\":\"ReadAction\",\"target\":[\"https:\/\/www.osd.at\/en\/blog\/2025\/07\/22\/diversity-german-exams-oesd-idt-2025\/\"]}]},{\"@type\":\"ImageObject\",\"inLanguage\":\"en-US\",\"@id\":\"https:\/\/www.osd.at\/en\/blog\/2025\/07\/22\/diversity-german-exams-oesd-idt-2025\/#primaryimage\",\"url\":\"https:\/\/www.osd.at\/wp-content\/uploads\/2025\/07\/Blogheader_Vielfalt-in-der-Praxis.jpg\",\"contentUrl\":\"https:\/\/www.osd.at\/wp-content\/uploads\/2025\/07\/Blogheader_Vielfalt-in-der-Praxis.jpg\",\"width\":1165,\"height\":653,\"caption\":\"Vielfalt in Deutschpr\u00fcfungen - Diversity in German exams\"},{\"@type\":\"BreadcrumbList\",\"@id\":\"https:\/\/www.osd.at\/en\/blog\/2025\/07\/22\/diversity-german-exams-oesd-idt-2025\/#breadcrumb\",\"itemListElement\":[{\"@type\":\"ListItem\",\"position\":1,\"name\":\"Home\",\"item\":\"https:\/\/www.osd.at\/en\/\"},{\"@type\":\"ListItem\",\"position\":2,\"name\":\"Diversity in Practice: Personal Stories from the \u00d6SD for IDT 2025\"}]},{\"@type\":\"WebSite\",\"@id\":\"https:\/\/www.osd.at\/en\/#website\",\"url\":\"https:\/\/www.osd.at\/en\/\",\"name\":\"OSD\",\"description\":\"\u00d6sterreichisches Sprachdiplom Deutsch\",\"publisher\":{\"@id\":\"https:\/\/www.osd.at\/en\/#organization\"},\"alternateName\":\"\u00d6SD \u2013 \u00d6sterreichisches Sprachdiplom Deutsch\",\"potentialAction\":[{\"@type\":\"SearchAction\",\"target\":{\"@type\":\"EntryPoint\",\"urlTemplate\":\"https:\/\/www.osd.at\/en\/?s={search_term_string}\"},\"query-input\":\"required name=search_term_string\"}],\"inLanguage\":\"en-US\"},{\"@type\":\"Organization\",\"@id\":\"https:\/\/www.osd.at\/en\/#organization\",\"name\":\"OSD\",\"alternateName\":\"\u00d6SD \u2013 \u00d6sterreichisches Sprachdiplom Deutsch\",\"url\":\"https:\/\/www.osd.at\/en\/\",\"logo\":{\"@type\":\"ImageObject\",\"inLanguage\":\"en-US\",\"@id\":\"https:\/\/www.osd.at\/en\/#\/schema\/logo\/image\/\",\"url\":\"https:\/\/www.osd.at\/wp-content\/uploads\/2020\/04\/Logo-O\u0308SD_final-874x490-1.png\",\"contentUrl\":\"https:\/\/www.osd.at\/wp-content\/uploads\/2020\/04\/Logo-O\u0308SD_final-874x490-1.png\",\"width\":874,\"height\":490,\"caption\":\"OSD\"},\"image\":{\"@id\":\"https:\/\/www.osd.at\/en\/#\/schema\/logo\/image\/\"},\"sameAs\":[\"https:\/\/www.facebook.com\/osdzertifikate\/\",\"https:\/\/www.linkedin.com\/company\/osdzertifikate\/?viewAsMember=true\",\"https:\/\/www.instagram.com\/osdzertifikate\/\"]},{\"@type\":\"Person\",\"@id\":\"https:\/\/www.osd.at\/en\/#\/schema\/person\/e577c639ad19bcfe8680ef784c80a3f1\",\"name\":\"Nicole Richter\",\"image\":{\"@type\":\"ImageObject\",\"inLanguage\":\"en-US\",\"@id\":\"https:\/\/www.osd.at\/en\/#\/schema\/person\/image\/\",\"url\":\"https:\/\/secure.gravatar.com\/avatar\/ebb8e247236bfeb4effda157621d53b2?s=96&d=mm&r=g\",\"contentUrl\":\"https:\/\/secure.gravatar.com\/avatar\/ebb8e247236bfeb4effda157621d53b2?s=96&d=mm&r=g\",\"caption\":\"Nicole Richter\"},\"url\":\"https:\/\/www.osd.at\/en\/blog\/author\/nicole-richter\/\"}]}<\/script>\n<!-- \/ Yoast SEO plugin. -->","yoast_head_json":{"title":"Diversity in German exams: Three \u00d6SD stories for IDT 2025","description":"Three stories show how diversity is lived in German exams around the world \u2013 at the \u00d6SD and at the IDT 2025 in L\u00fcbeck.","robots":{"index":"index","follow":"follow","max-snippet":"max-snippet:-1","max-image-preview":"max-image-preview:large","max-video-preview":"max-video-preview:-1"},"canonical":"https:\/\/www.osd.at\/en\/blog\/2025\/07\/22\/diversity-german-exams-oesd-idt-2025\/","og_locale":"en_US","og_type":"article","og_title":"Diversity in German exams: Three \u00d6SD stories for IDT 2025","og_description":"Three stories show how diversity is lived in German exams around the world \u2013 at the \u00d6SD and at the IDT 2025 in L\u00fcbeck.","og_url":"https:\/\/www.osd.at\/en\/blog\/2025\/07\/22\/diversity-german-exams-oesd-idt-2025\/","og_site_name":"OSD","article_publisher":"https:\/\/www.facebook.com\/osdzertifikate\/","article_published_time":"2025-07-22T07:27:52+00:00","article_modified_time":"2025-12-22T10:00:48+00:00","og_image":[{"width":1165,"height":653,"url":"https:\/\/www.osd.at\/wp-content\/uploads\/2025\/07\/Blogheader_Vielfalt-in-der-Praxis.jpg","type":"image\/jpeg"}],"author":"Nicole Richter","twitter_card":"summary_large_image","twitter_misc":{"Written by":"Nicole Richter","Est. reading time":"9 minutes"},"schema":{"@context":"https:\/\/schema.org","@graph":[{"@type":"Article","@id":"https:\/\/www.osd.at\/en\/blog\/2025\/07\/22\/diversity-german-exams-oesd-idt-2025\/#article","isPartOf":{"@id":"https:\/\/www.osd.at\/en\/blog\/2025\/07\/22\/diversity-german-exams-oesd-idt-2025\/"},"author":{"name":"Nicole Richter","@id":"https:\/\/www.osd.at\/en\/#\/schema\/person\/e577c639ad19bcfe8680ef784c80a3f1"},"headline":"Diversity in Practice: Personal Stories from the \u00d6SD for IDT 2025","datePublished":"2025-07-22T07:27:52+00:00","dateModified":"2025-12-22T10:00:48+00:00","mainEntityOfPage":{"@id":"https:\/\/www.osd.at\/en\/blog\/2025\/07\/22\/diversity-german-exams-oesd-idt-2025\/"},"wordCount":1480,"publisher":{"@id":"https:\/\/www.osd.at\/en\/#organization"},"image":{"@id":"https:\/\/www.osd.at\/en\/blog\/2025\/07\/22\/diversity-german-exams-oesd-idt-2025\/#primaryimage"},"thumbnailUrl":"https:\/\/www.osd.at\/wp-content\/uploads\/2025\/07\/Blogheader_Vielfalt-in-der-Praxis.jpg","keywords":["pluricentric","exam preparation","DaF","German as a foreign language","\u00d6SD exam centre","conference","Event","\u00d6SD examiner","\u00d6SD participant"],"articleSection":["News &amp; Updates","Brand Awareness"],"inLanguage":"en-US"},{"@type":"WebPage","@id":"https:\/\/www.osd.at\/en\/blog\/2025\/07\/22\/diversity-german-exams-oesd-idt-2025\/","url":"https:\/\/www.osd.at\/en\/blog\/2025\/07\/22\/diversity-german-exams-oesd-idt-2025\/","name":"Diversity in German exams: Three \u00d6SD stories for IDT 2025","isPartOf":{"@id":"https:\/\/www.osd.at\/en\/#website"},"primaryImageOfPage":{"@id":"https:\/\/www.osd.at\/en\/blog\/2025\/07\/22\/diversity-german-exams-oesd-idt-2025\/#primaryimage"},"image":{"@id":"https:\/\/www.osd.at\/en\/blog\/2025\/07\/22\/diversity-german-exams-oesd-idt-2025\/#primaryimage"},"thumbnailUrl":"https:\/\/www.osd.at\/wp-content\/uploads\/2025\/07\/Blogheader_Vielfalt-in-der-Praxis.jpg","datePublished":"2025-07-22T07:27:52+00:00","dateModified":"2025-12-22T10:00:48+00:00","description":"Three stories show how diversity is lived in German exams around the world \u2013 at the \u00d6SD and at the IDT 2025 in L\u00fcbeck.","breadcrumb":{"@id":"https:\/\/www.osd.at\/en\/blog\/2025\/07\/22\/diversity-german-exams-oesd-idt-2025\/#breadcrumb"},"inLanguage":"en-US","potentialAction":[{"@type":"ReadAction","target":["https:\/\/www.osd.at\/en\/blog\/2025\/07\/22\/diversity-german-exams-oesd-idt-2025\/"]}]},{"@type":"ImageObject","inLanguage":"en-US","@id":"https:\/\/www.osd.at\/en\/blog\/2025\/07\/22\/diversity-german-exams-oesd-idt-2025\/#primaryimage","url":"https:\/\/www.osd.at\/wp-content\/uploads\/2025\/07\/Blogheader_Vielfalt-in-der-Praxis.jpg","contentUrl":"https:\/\/www.osd.at\/wp-content\/uploads\/2025\/07\/Blogheader_Vielfalt-in-der-Praxis.jpg","width":1165,"height":653,"caption":"Vielfalt in Deutschpr\u00fcfungen - Diversity in German exams"},{"@type":"BreadcrumbList","@id":"https:\/\/www.osd.at\/en\/blog\/2025\/07\/22\/diversity-german-exams-oesd-idt-2025\/#breadcrumb","itemListElement":[{"@type":"ListItem","position":1,"name":"Home","item":"https:\/\/www.osd.at\/en\/"},{"@type":"ListItem","position":2,"name":"Diversity in Practice: Personal Stories from the \u00d6SD for IDT 2025"}]},{"@type":"WebSite","@id":"https:\/\/www.osd.at\/en\/#website","url":"https:\/\/www.osd.at\/en\/","name":"OSD","description":"\u00d6sterreichisches Sprachdiplom Deutsch","publisher":{"@id":"https:\/\/www.osd.at\/en\/#organization"},"alternateName":"\u00d6SD \u2013 \u00d6sterreichisches Sprachdiplom Deutsch","potentialAction":[{"@type":"SearchAction","target":{"@type":"EntryPoint","urlTemplate":"https:\/\/www.osd.at\/en\/?s={search_term_string}"},"query-input":"required name=search_term_string"}],"inLanguage":"en-US"},{"@type":"Organization","@id":"https:\/\/www.osd.at\/en\/#organization","name":"OSD","alternateName":"\u00d6SD \u2013 \u00d6sterreichisches Sprachdiplom Deutsch","url":"https:\/\/www.osd.at\/en\/","logo":{"@type":"ImageObject","inLanguage":"en-US","@id":"https:\/\/www.osd.at\/en\/#\/schema\/logo\/image\/","url":"https:\/\/www.osd.at\/wp-content\/uploads\/2020\/04\/Logo-O\u0308SD_final-874x490-1.png","contentUrl":"https:\/\/www.osd.at\/wp-content\/uploads\/2020\/04\/Logo-O\u0308SD_final-874x490-1.png","width":874,"height":490,"caption":"OSD"},"image":{"@id":"https:\/\/www.osd.at\/en\/#\/schema\/logo\/image\/"},"sameAs":["https:\/\/www.facebook.com\/osdzertifikate\/","https:\/\/www.linkedin.com\/company\/osdzertifikate\/?viewAsMember=true","https:\/\/www.instagram.com\/osdzertifikate\/"]},{"@type":"Person","@id":"https:\/\/www.osd.at\/en\/#\/schema\/person\/e577c639ad19bcfe8680ef784c80a3f1","name":"Nicole Richter","image":{"@type":"ImageObject","inLanguage":"en-US","@id":"https:\/\/www.osd.at\/en\/#\/schema\/person\/image\/","url":"https:\/\/secure.gravatar.com\/avatar\/ebb8e247236bfeb4effda157621d53b2?s=96&d=mm&r=g","contentUrl":"https:\/\/secure.gravatar.com\/avatar\/ebb8e247236bfeb4effda157621d53b2?s=96&d=mm&r=g","caption":"Nicole Richter"},"url":"https:\/\/www.osd.at\/en\/blog\/author\/nicole-richter\/"}]}},"_links":{"self":[{"href":"https:\/\/www.osd.at\/en\/wp-json\/wp\/v2\/posts\/28581"}],"collection":[{"href":"https:\/\/www.osd.at\/en\/wp-json\/wp\/v2\/posts"}],"about":[{"href":"https:\/\/www.osd.at\/en\/wp-json\/wp\/v2\/types\/post"}],"author":[{"embeddable":true,"href":"https:\/\/www.osd.at\/en\/wp-json\/wp\/v2\/users\/20"}],"replies":[{"embeddable":true,"href":"https:\/\/www.osd.at\/en\/wp-json\/wp\/v2\/comments?post=28581"}],"version-history":[{"count":9,"href":"https:\/\/www.osd.at\/en\/wp-json\/wp\/v2\/posts\/28581\/revisions"}],"predecessor-version":[{"id":30191,"href":"https:\/\/www.osd.at\/en\/wp-json\/wp\/v2\/posts\/28581\/revisions\/30191"}],"wp:featuredmedia":[{"embeddable":true,"href":"https:\/\/www.osd.at\/en\/wp-json\/wp\/v2\/media\/28536"}],"wp:attachment":[{"href":"https:\/\/www.osd.at\/en\/wp-json\/wp\/v2\/media?parent=28581"}],"wp:term":[{"taxonomy":"category","embeddable":true,"href":"https:\/\/www.osd.at\/en\/wp-json\/wp\/v2\/categories?post=28581"},{"taxonomy":"post_tag","embeddable":true,"href":"https:\/\/www.osd.at\/en\/wp-json\/wp\/v2\/tags?post=28581"}],"curies":[{"name":"wp","href":"https:\/\/api.w.org\/{rel}","templated":true}]}}